{"id":22790,"date":"2025-11-15T17:09:59","date_gmt":"2025-11-15T16:09:59","guid":{"rendered":"https:\/\/www.tuttohaccp.eu\/sicurezza\/news\/corso-formatore-sicurezza-sul-lavoro-a-pedara.html"},"modified":"2025-11-15T17:09:59","modified_gmt":"2025-11-15T16:09:59","slug":"corso-formatore-sicurezza-sul-lavoro-a-pedara","status":"publish","type":"post","link":"https:\/\/www.tuttohaccp.eu\/sicurezza\/news\/corso-formatore-sicurezza-sul-lavoro-a-pedara.html","title":{"rendered":"Corso Formatore Sicurezza sul Lavoro a Pedara"},"content":{"rendered":"<p>Approfondimento sui Corsi di Sicurezza sul Lavoro dell&#8217;Accordo Stato-Regioni Nuovo accordo stato regioni 2025 rspp esterno interno rls rlst preposto organismo paritetico associazione nazionale formatori Lavoratori a rischio Basso Medio Alto soggetto formatore italiani di aggiornamento obbligatorio corsi obbligatori rete preventivo corsi tutti con nuovo Accordo 2025 patentino corso addestramento da parte del datore di lavoro parte teorica pratica muletto gru mobili trattore macchine agicole industriali Formazione sulla sicurezza sul lavoro: corsi di qualit\u00e0 a Mantova Nuovo accordo stato regioni 2025 realt\u00e0 virtuale app formatori docenti rspp rls rlst preposto datore Evento formativo seminari gratuiti pi\u00f9 partecipati dai soggetti formatori italiani di aggiornamento obbligatorio ASPP\/RSPP (DL.81\/08, RSPP) e CSP\/CSE (DL.81\/08) Lezioni in aula realt\u00e0 virtuale Riconoscimento della formazione con nuovo Accordo 2025 corsi accreditati apri paprire  un centro di formazione ente scuola bilaterale associazione<\/p>\n","protected":false},"excerpt":{"rendered":"<p>Approfondimento sui Corsi di Sicurezza sul Lavoro dell&#8217;Accordo Stato-Regioni Nuovo accordo stato regioni 2025 rspp esterno interno rls rlst preposto organismo paritetico associazione nazionale formatori Lavoratori a rischio Basso Medio Alto soggetto formatore italiani di aggiornamento obbligatorio corsi obbligatori rete preventivo corsi tutti con nuovo Accordo 2025 patentino corso addestramento da parte del datore di&hellip;&nbsp;<a href=\"https:\/\/www.tuttohaccp.eu\/sicurezza\/news\/corso-formatore-sicurezza-sul-lavoro-a-pedara.html\" class=\"\" rel=\"bookmark\">Leggi tutto &raquo;<span class=\"screen-reader-text\">Corso Formatore Sicurezza sul Lavoro a Pedara<\/span><\/a><\/p>\n","protected":false},"author":2,"featured_media":0,"comment_status":"closed","ping_status":"closed","sticky":false,"template":"","format":"standard","meta":{"neve_meta_sidebar":"","neve_meta_container":"","neve_meta_enable_content_width":"","neve_meta_content_width":0,"neve_meta_title_alignment":"","neve_meta_author_avatar":"","neve_post_elements_order":"","neve_meta_disable_header":"","neve_meta_disable_footer":"","neve_meta_disable_title":"","footnotes":""},"categories":[2],"tags":[],"class_list":["post-22790","post","type-post","status-publish","format-standard","hentry","category-news"],"yoast_head":"<!-- This site is optimized with the Yoast SEO plugin v23.4 - https:\/\/yoast.com\/wordpress\/plugins\/seo\/ -->\r\n<title>Corso Formatore Sicurezza sul Lavoro a Pedara - Tuttohaccp.eu<\/title>\r\n<meta name=\"robots\" content=\"index, follow, max-snippet:-1, max-image-preview:large, max-video-preview:-1\" \/>\r\n<link rel=\"canonical\" href=\"https:\/\/www.tuttohaccp.eu\/sicurezza\/news\/corso-formatore-sicurezza-sul-lavoro-a-pedara.html\" \/>\r\n<meta property=\"og:locale\" content=\"it_IT\" \/>\r\n<meta property=\"og:type\" content=\"article\" \/>\r\n<meta property=\"og:title\" content=\"Corso Formatore Sicurezza sul Lavoro a Pedara - Tuttohaccp.eu\" \/>\r\n<meta property=\"og:description\" content=\"Approfondimento sui Corsi di Sicurezza sul Lavoro dell&#8217;Accordo Stato-Regioni Nuovo accordo stato regioni 2025 rspp esterno interno rls rlst preposto organismo paritetico associazione nazionale formatori Lavoratori a rischio Basso Medio Alto soggetto formatore italiani di aggiornamento obbligatorio corsi obbligatori rete preventivo corsi tutti con nuovo Accordo 2025 patentino corso addestramento da parte del datore di&hellip;&nbsp;Leggi tutto &raquo;Corso Formatore Sicurezza sul Lavoro a Pedara\" \/>\r\n<meta property=\"og:url\" content=\"https:\/\/www.tuttohaccp.eu\/sicurezza\/news\/corso-formatore-sicurezza-sul-lavoro-a-pedara.html\" \/>\r\n<meta property=\"og:site_name\" content=\"Tuttohaccp.eu\" \/>\r\n<meta property=\"article:published_time\" content=\"2025-11-15T16:09:59+00:00\" \/>\r\n<meta name=\"author\" content=\"redazione\" \/>\r\n<meta name=\"twitter:card\" content=\"summary_large_image\" \/>\r\n<meta name=\"twitter:label1\" content=\"Scritto da\" \/>\n\t<meta name=\"twitter:data1\" content=\"redazione\" \/>\n\t<meta name=\"twitter:label2\" content=\"Tempo di lettura stimato\" \/>\n\t<meta name=\"twitter:data2\" content=\"1 minuto\" \/>\r\n<script type=\"application\/ld+json\" class=\"yoast-schema-graph\">{\"@context\":\"https:\/\/schema.org\",\"@graph\":[{\"@type\":\"WebPage\",\"@id\":\"https:\/\/www.tuttohaccp.eu\/sicurezza\/news\/corso-formatore-sicurezza-sul-lavoro-a-pedara.html\",\"url\":\"https:\/\/www.tuttohaccp.eu\/sicurezza\/news\/corso-formatore-sicurezza-sul-lavoro-a-pedara.html\",\"name\":\"Corso Formatore Sicurezza sul Lavoro a Pedara - Tuttohaccp.eu\",\"isPartOf\":{\"@id\":\"https:\/\/www.tuttohaccp.eu\/sicurezza\/#website\"},\"datePublished\":\"2025-11-15T16:09:59+00:00\",\"dateModified\":\"2025-11-15T16:09:59+00:00\",\"author\":{\"@id\":\"https:\/\/www.tuttohaccp.eu\/sicurezza\/#\/schema\/person\/fd40e20e6e84dcb68a394327d522e833\"},\"breadcrumb\":{\"@id\":\"https:\/\/www.tuttohaccp.eu\/sicurezza\/news\/corso-formatore-sicurezza-sul-lavoro-a-pedara.html#breadcrumb\"},\"inLanguage\":\"it-IT\",\"potentialAction\":[{\"@type\":\"ReadAction\",\"target\":[\"https:\/\/www.tuttohaccp.eu\/sicurezza\/news\/corso-formatore-sicurezza-sul-lavoro-a-pedara.html\"]}]},{\"@type\":\"BreadcrumbList\",\"@id\":\"https:\/\/www.tuttohaccp.eu\/sicurezza\/news\/corso-formatore-sicurezza-sul-lavoro-a-pedara.html#breadcrumb\",\"itemListElement\":[{\"@type\":\"ListItem\",\"position\":1,\"name\":\"Home\",\"item\":\"https:\/\/www.tuttohaccp.eu\/sicurezza\"},{\"@type\":\"ListItem\",\"position\":2,\"name\":\"Corso Formatore Sicurezza sul Lavoro a Pedara\"}]},{\"@type\":\"WebSite\",\"@id\":\"https:\/\/www.tuttohaccp.eu\/sicurezza\/#website\",\"url\":\"https:\/\/www.tuttohaccp.eu\/sicurezza\/\",\"name\":\"Tuttohaccp.eu\",\"description\":\"\",\"potentialAction\":[{\"@type\":\"SearchAction\",\"target\":{\"@type\":\"EntryPoint\",\"urlTemplate\":\"https:\/\/www.tuttohaccp.eu\/sicurezza\/?s={search_term_string}\"},\"query-input\":{\"@type\":\"PropertyValueSpecification\",\"valueRequired\":true,\"valueName\":\"search_term_string\"}}],\"inLanguage\":\"it-IT\"},{\"@type\":\"Person\",\"@id\":\"https:\/\/www.tuttohaccp.eu\/sicurezza\/#\/schema\/person\/fd40e20e6e84dcb68a394327d522e833\",\"name\":\"redazione\",\"image\":{\"@type\":\"ImageObject\",\"inLanguage\":\"it-IT\",\"@id\":\"https:\/\/www.tuttohaccp.eu\/sicurezza\/#\/schema\/person\/image\/\",\"url\":\"https:\/\/secure.gravatar.com\/avatar\/c07fe7354435a88929a7ce6143807a5d0ab4eec5afeb64ee13bccbf1412a51f8?s=96&d=mm&r=g\",\"contentUrl\":\"https:\/\/secure.gravatar.com\/avatar\/c07fe7354435a88929a7ce6143807a5d0ab4eec5afeb64ee13bccbf1412a51f8?s=96&d=mm&r=g\",\"caption\":\"redazione\"},\"url\":\"https:\/\/www.tuttohaccp.eu\/sicurezza\/author\/redazione\"}]}<\/script>\r\n<!-- \/ Yoast SEO plugin. -->","yoast_head_json":{"title":"Corso Formatore Sicurezza sul Lavoro a Pedara - Tuttohaccp.eu","robots":{"index":"index","follow":"follow","max-snippet":"max-snippet:-1","max-image-preview":"max-image-preview:large","max-video-preview":"max-video-preview:-1"},"canonical":"https:\/\/www.tuttohaccp.eu\/sicurezza\/news\/corso-formatore-sicurezza-sul-lavoro-a-pedara.html","og_locale":"it_IT","og_type":"article","og_title":"Corso Formatore Sicurezza sul Lavoro a Pedara - Tuttohaccp.eu","og_description":"Approfondimento sui Corsi di Sicurezza sul Lavoro dell&#8217;Accordo Stato-Regioni Nuovo accordo stato regioni 2025 rspp esterno interno rls rlst preposto organismo paritetico associazione nazionale formatori Lavoratori a rischio Basso Medio Alto soggetto formatore italiani di aggiornamento obbligatorio corsi obbligatori rete preventivo corsi tutti con nuovo Accordo 2025 patentino corso addestramento da parte del datore di&hellip;&nbsp;Leggi tutto &raquo;Corso Formatore Sicurezza sul Lavoro a Pedara","og_url":"https:\/\/www.tuttohaccp.eu\/sicurezza\/news\/corso-formatore-sicurezza-sul-lavoro-a-pedara.html","og_site_name":"Tuttohaccp.eu","article_published_time":"2025-11-15T16:09:59+00:00","author":"redazione","twitter_card":"summary_large_image","twitter_misc":{"Scritto da":"redazione","Tempo di lettura stimato":"1 minuto"},"schema":{"@context":"https:\/\/schema.org","@graph":[{"@type":"WebPage","@id":"https:\/\/www.tuttohaccp.eu\/sicurezza\/news\/corso-formatore-sicurezza-sul-lavoro-a-pedara.html","url":"https:\/\/www.tuttohaccp.eu\/sicurezza\/news\/corso-formatore-sicurezza-sul-lavoro-a-pedara.html","name":"Corso Formatore Sicurezza sul Lavoro a Pedara - Tuttohaccp.eu","isPartOf":{"@id":"https:\/\/www.tuttohaccp.eu\/sicurezza\/#website"},"datePublished":"2025-11-15T16:09:59+00:00","dateModified":"2025-11-15T16:09:59+00:00","author":{"@id":"https:\/\/www.tuttohaccp.eu\/sicurezza\/#\/schema\/person\/fd40e20e6e84dcb68a394327d522e833"},"breadcrumb":{"@id":"https:\/\/www.tuttohaccp.eu\/sicurezza\/news\/corso-formatore-sicurezza-sul-lavoro-a-pedara.html#breadcrumb"},"inLanguage":"it-IT","potentialAction":[{"@type":"ReadAction","target":["https:\/\/www.tuttohaccp.eu\/sicurezza\/news\/corso-formatore-sicurezza-sul-lavoro-a-pedara.html"]}]},{"@type":"BreadcrumbList","@id":"https:\/\/www.tuttohaccp.eu\/sicurezza\/news\/corso-formatore-sicurezza-sul-lavoro-a-pedara.html#breadcrumb","itemListElement":[{"@type":"ListItem","position":1,"name":"Home","item":"https:\/\/www.tuttohaccp.eu\/sicurezza"},{"@type":"ListItem","position":2,"name":"Corso Formatore Sicurezza sul Lavoro a Pedara"}]},{"@type":"WebSite","@id":"https:\/\/www.tuttohaccp.eu\/sicurezza\/#website","url":"https:\/\/www.tuttohaccp.eu\/sicurezza\/","name":"Tuttohaccp.eu","description":"","potentialAction":[{"@type":"SearchAction","target":{"@type":"EntryPoint","urlTemplate":"https:\/\/www.tuttohaccp.eu\/sicurezza\/?s={search_term_string}"},"query-input":{"@type":"PropertyValueSpecification","valueRequired":true,"valueName":"search_term_string"}}],"inLanguage":"it-IT"},{"@type":"Person","@id":"https:\/\/www.tuttohaccp.eu\/sicurezza\/#\/schema\/person\/fd40e20e6e84dcb68a394327d522e833","name":"redazione","image":{"@type":"ImageObject","inLanguage":"it-IT","@id":"https:\/\/www.tuttohaccp.eu\/sicurezza\/#\/schema\/person\/image\/","url":"https:\/\/secure.gravatar.com\/avatar\/c07fe7354435a88929a7ce6143807a5d0ab4eec5afeb64ee13bccbf1412a51f8?s=96&d=mm&r=g","contentUrl":"https:\/\/secure.gravatar.com\/avatar\/c07fe7354435a88929a7ce6143807a5d0ab4eec5afeb64ee13bccbf1412a51f8?s=96&d=mm&r=g","caption":"redazione"},"url":"https:\/\/www.tuttohaccp.eu\/sicurezza\/author\/redazione"}]}},"_links":{"self":[{"href":"https:\/\/www.tuttohaccp.eu\/sicurezza\/wp-json\/wp\/v2\/posts\/22790","targetHints":{"allow":["GET"]}}],"collection":[{"href":"https:\/\/www.tuttohaccp.eu\/sicurezza\/wp-json\/wp\/v2\/posts"}],"about":[{"href":"https:\/\/www.tuttohaccp.eu\/sicurezza\/wp-json\/wp\/v2\/types\/post"}],"author":[{"embeddable":true,"href":"https:\/\/www.tuttohaccp.eu\/sicurezza\/wp-json\/wp\/v2\/users\/2"}],"replies":[{"embeddable":true,"href":"https:\/\/www.tuttohaccp.eu\/sicurezza\/wp-json\/wp\/v2\/comments?post=22790"}],"version-history":[{"count":0,"href":"https:\/\/www.tuttohaccp.eu\/sicurezza\/wp-json\/wp\/v2\/posts\/22790\/revisions"}],"wp:attachment":[{"href":"https:\/\/www.tuttohaccp.eu\/sicurezza\/wp-json\/wp\/v2\/media?parent=22790"}],"wp:term":[{"taxonomy":"category","embeddable":true,"href":"https:\/\/www.tuttohaccp.eu\/sicurezza\/wp-json\/wp\/v2\/categories?post=22790"},{"taxonomy":"post_tag","embeddable":true,"href":"https:\/\/www.tuttohaccp.eu\/sicurezza\/wp-json\/wp\/v2\/tags?post=22790"}],"curies":[{"name":"wp","href":"https:\/\/api.w.org\/{rel}","templated":true}]}}