{"id":152668,"date":"2026-04-25T21:45:22","date_gmt":"2026-04-25T19:45:22","guid":{"rendered":"https:\/\/www.tuttohaccp.eu\/sicurezza\/news\/durata-e-validita-dellattestato-di-formazione-per-luso-dei-macchinari-tessili-in-lombardia.html"},"modified":"2026-04-25T21:45:22","modified_gmt":"2026-04-25T19:45:22","slug":"durata-e-validita-dellattestato-di-formazione-per-luso-dei-macchinari-tessili-in-lombardia","status":"publish","type":"post","link":"https:\/\/www.tuttohaccp.eu\/sicurezza\/news\/durata-e-validita-dellattestato-di-formazione-per-luso-dei-macchinari-tessili-in-lombardia.html","title":{"rendered":"Durata e validit\u00e0 dell&#8217;attestato di formazione per l&#8217;uso dei macchinari tessili in Lombardia."},"content":{"rendered":"<p>Come favorire la trasferibilit\u00e0 delle competenze acquisite durante i corsi di primo soccorso alla realt\u00e0 lavorativa? Nuovo accordo stato regioni 2025 realt\u00e0 virtuale app videoconferenza fad aula virtuale rischi specifici basso medio alto online corso formatori docenti rspp rls rlst preposto datore rischi specifici basso medio alto lavoratori ddl dlspp associarsi associare aziende lavoratori apri paprire un centro di formazione ente scuola bilaterale associazione Formazione per l&#8217;Aggiornamento RLST<\/p>\n","protected":false},"excerpt":{"rendered":"<p>Come favorire la trasferibilit\u00e0 delle competenze acquisite durante i corsi di primo soccorso alla realt\u00e0 lavorativa? Nuovo accordo stato regioni 2025 realt\u00e0 virtuale app videoconferenza fad aula virtuale rischi specifici basso medio alto online corso formatori docenti rspp rls rlst preposto datore rischi specifici basso medio alto lavoratori ddl dlspp associarsi associare aziende lavoratori apri&hellip;&nbsp;<a href=\"https:\/\/www.tuttohaccp.eu\/sicurezza\/news\/durata-e-validita-dellattestato-di-formazione-per-luso-dei-macchinari-tessili-in-lombardia.html\" class=\"\" rel=\"bookmark\">Leggi tutto &raquo;<span class=\"screen-reader-text\">Durata e validit\u00e0 dell&#8217;attestato di formazione per l&#8217;uso dei macchinari tessili in Lombardia.<\/span><\/a><\/p>\n","protected":false},"author":2,"featured_media":0,"comment_status":"closed","ping_status":"closed","sticky":false,"template":"","format":"standard","meta":{"neve_meta_sidebar":"","neve_meta_container":"","neve_meta_enable_content_width":"","neve_meta_content_width":0,"neve_meta_title_alignment":"","neve_meta_author_avatar":"","neve_post_elements_order":"","neve_meta_disable_header":"","neve_meta_disable_footer":"","neve_meta_disable_title":"","footnotes":""},"categories":[2],"tags":[],"class_list":["post-152668","post","type-post","status-publish","format-standard","hentry","category-news"],"yoast_head":"<!-- This site is optimized with the Yoast SEO plugin v23.4 - https:\/\/yoast.com\/wordpress\/plugins\/seo\/ -->\r\n<title>Durata e validit\u00e0 dell&#039;attestato di formazione per l&#039;uso dei macchinari tessili in Lombardia. - Tuttohaccp.eu<\/title>\r\n<meta name=\"robots\" content=\"index, follow, max-snippet:-1, max-image-preview:large, max-video-preview:-1\" \/>\r\n<link rel=\"canonical\" href=\"https:\/\/www.tuttohaccp.eu\/sicurezza\/news\/durata-e-validita-dellattestato-di-formazione-per-luso-dei-macchinari-tessili-in-lombardia.html\" \/>\r\n<meta property=\"og:locale\" content=\"it_IT\" \/>\r\n<meta property=\"og:type\" content=\"article\" \/>\r\n<meta property=\"og:title\" content=\"Durata e validit\u00e0 dell&#039;attestato di formazione per l&#039;uso dei macchinari tessili in Lombardia. - Tuttohaccp.eu\" \/>\r\n<meta property=\"og:description\" content=\"Come favorire la trasferibilit\u00e0 delle competenze acquisite durante i corsi di primo soccorso alla realt\u00e0 lavorativa? Nuovo accordo stato regioni 2025 realt\u00e0 virtuale app videoconferenza fad aula virtuale rischi specifici basso medio alto online corso formatori docenti rspp rls rlst preposto datore rischi specifici basso medio alto lavoratori ddl dlspp associarsi associare aziende lavoratori apri&hellip;&nbsp;Leggi tutto &raquo;Durata e validit\u00e0 dell&#8217;attestato di formazione per l&#8217;uso dei macchinari tessili in Lombardia.\" \/>\r\n<meta property=\"og:url\" content=\"https:\/\/www.tuttohaccp.eu\/sicurezza\/news\/durata-e-validita-dellattestato-di-formazione-per-luso-dei-macchinari-tessili-in-lombardia.html\" \/>\r\n<meta property=\"og:site_name\" content=\"Tuttohaccp.eu\" \/>\r\n<meta property=\"article:published_time\" content=\"2026-04-25T19:45:22+00:00\" \/>\r\n<meta name=\"author\" content=\"redazione\" \/>\r\n<meta name=\"twitter:card\" content=\"summary_large_image\" \/>\r\n<meta name=\"twitter:label1\" content=\"Scritto da\" \/>\n\t<meta name=\"twitter:data1\" content=\"redazione\" \/>\r\n<script type=\"application\/ld+json\" class=\"yoast-schema-graph\">{\"@context\":\"https:\/\/schema.org\",\"@graph\":[{\"@type\":\"WebPage\",\"@id\":\"https:\/\/www.tuttohaccp.eu\/sicurezza\/news\/durata-e-validita-dellattestato-di-formazione-per-luso-dei-macchinari-tessili-in-lombardia.html\",\"url\":\"https:\/\/www.tuttohaccp.eu\/sicurezza\/news\/durata-e-validita-dellattestato-di-formazione-per-luso-dei-macchinari-tessili-in-lombardia.html\",\"name\":\"Durata e validit\u00e0 dell'attestato di formazione per l'uso dei macchinari tessili in Lombardia. - Tuttohaccp.eu\",\"isPartOf\":{\"@id\":\"https:\/\/www.tuttohaccp.eu\/sicurezza\/#website\"},\"datePublished\":\"2026-04-25T19:45:22+00:00\",\"dateModified\":\"2026-04-25T19:45:22+00:00\",\"author\":{\"@id\":\"https:\/\/www.tuttohaccp.eu\/sicurezza\/#\/schema\/person\/fd40e20e6e84dcb68a394327d522e833\"},\"breadcrumb\":{\"@id\":\"https:\/\/www.tuttohaccp.eu\/sicurezza\/news\/durata-e-validita-dellattestato-di-formazione-per-luso-dei-macchinari-tessili-in-lombardia.html#breadcrumb\"},\"inLanguage\":\"it-IT\",\"potentialAction\":[{\"@type\":\"ReadAction\",\"target\":[\"https:\/\/www.tuttohaccp.eu\/sicurezza\/news\/durata-e-validita-dellattestato-di-formazione-per-luso-dei-macchinari-tessili-in-lombardia.html\"]}]},{\"@type\":\"BreadcrumbList\",\"@id\":\"https:\/\/www.tuttohaccp.eu\/sicurezza\/news\/durata-e-validita-dellattestato-di-formazione-per-luso-dei-macchinari-tessili-in-lombardia.html#breadcrumb\",\"itemListElement\":[{\"@type\":\"ListItem\",\"position\":1,\"name\":\"Home\",\"item\":\"https:\/\/www.tuttohaccp.eu\/sicurezza\"},{\"@type\":\"ListItem\",\"position\":2,\"name\":\"Durata e validit\u00e0 dell&#8217;attestato di formazione per l&#8217;uso dei macchinari tessili in Lombardia.\"}]},{\"@type\":\"WebSite\",\"@id\":\"https:\/\/www.tuttohaccp.eu\/sicurezza\/#website\",\"url\":\"https:\/\/www.tuttohaccp.eu\/sicurezza\/\",\"name\":\"Tuttohaccp.eu\",\"description\":\"\",\"potentialAction\":[{\"@type\":\"SearchAction\",\"target\":{\"@type\":\"EntryPoint\",\"urlTemplate\":\"https:\/\/www.tuttohaccp.eu\/sicurezza\/?s={search_term_string}\"},\"query-input\":{\"@type\":\"PropertyValueSpecification\",\"valueRequired\":true,\"valueName\":\"search_term_string\"}}],\"inLanguage\":\"it-IT\"},{\"@type\":\"Person\",\"@id\":\"https:\/\/www.tuttohaccp.eu\/sicurezza\/#\/schema\/person\/fd40e20e6e84dcb68a394327d522e833\",\"name\":\"redazione\",\"image\":{\"@type\":\"ImageObject\",\"inLanguage\":\"it-IT\",\"@id\":\"https:\/\/www.tuttohaccp.eu\/sicurezza\/#\/schema\/person\/image\/\",\"url\":\"https:\/\/secure.gravatar.com\/avatar\/c07fe7354435a88929a7ce6143807a5d0ab4eec5afeb64ee13bccbf1412a51f8?s=96&d=mm&r=g\",\"contentUrl\":\"https:\/\/secure.gravatar.com\/avatar\/c07fe7354435a88929a7ce6143807a5d0ab4eec5afeb64ee13bccbf1412a51f8?s=96&d=mm&r=g\",\"caption\":\"redazione\"},\"url\":\"https:\/\/www.tuttohaccp.eu\/sicurezza\/author\/redazione\"}]}<\/script>\r\n<!-- \/ Yoast SEO plugin. -->","yoast_head_json":{"title":"Durata e validit\u00e0 dell'attestato di formazione per l'uso dei macchinari tessili in Lombardia. - Tuttohaccp.eu","robots":{"index":"index","follow":"follow","max-snippet":"max-snippet:-1","max-image-preview":"max-image-preview:large","max-video-preview":"max-video-preview:-1"},"canonical":"https:\/\/www.tuttohaccp.eu\/sicurezza\/news\/durata-e-validita-dellattestato-di-formazione-per-luso-dei-macchinari-tessili-in-lombardia.html","og_locale":"it_IT","og_type":"article","og_title":"Durata e validit\u00e0 dell'attestato di formazione per l'uso dei macchinari tessili in Lombardia. - Tuttohaccp.eu","og_description":"Come favorire la trasferibilit\u00e0 delle competenze acquisite durante i corsi di primo soccorso alla realt\u00e0 lavorativa? Nuovo accordo stato regioni 2025 realt\u00e0 virtuale app videoconferenza fad aula virtuale rischi specifici basso medio alto online corso formatori docenti rspp rls rlst preposto datore rischi specifici basso medio alto lavoratori ddl dlspp associarsi associare aziende lavoratori apri&hellip;&nbsp;Leggi tutto &raquo;Durata e validit\u00e0 dell&#8217;attestato di formazione per l&#8217;uso dei macchinari tessili in Lombardia.","og_url":"https:\/\/www.tuttohaccp.eu\/sicurezza\/news\/durata-e-validita-dellattestato-di-formazione-per-luso-dei-macchinari-tessili-in-lombardia.html","og_site_name":"Tuttohaccp.eu","article_published_time":"2026-04-25T19:45:22+00:00","author":"redazione","twitter_card":"summary_large_image","twitter_misc":{"Scritto da":"redazione"},"schema":{"@context":"https:\/\/schema.org","@graph":[{"@type":"WebPage","@id":"https:\/\/www.tuttohaccp.eu\/sicurezza\/news\/durata-e-validita-dellattestato-di-formazione-per-luso-dei-macchinari-tessili-in-lombardia.html","url":"https:\/\/www.tuttohaccp.eu\/sicurezza\/news\/durata-e-validita-dellattestato-di-formazione-per-luso-dei-macchinari-tessili-in-lombardia.html","name":"Durata e validit\u00e0 dell'attestato di formazione per l'uso dei macchinari tessili in Lombardia. - Tuttohaccp.eu","isPartOf":{"@id":"https:\/\/www.tuttohaccp.eu\/sicurezza\/#website"},"datePublished":"2026-04-25T19:45:22+00:00","dateModified":"2026-04-25T19:45:22+00:00","author":{"@id":"https:\/\/www.tuttohaccp.eu\/sicurezza\/#\/schema\/person\/fd40e20e6e84dcb68a394327d522e833"},"breadcrumb":{"@id":"https:\/\/www.tuttohaccp.eu\/sicurezza\/news\/durata-e-validita-dellattestato-di-formazione-per-luso-dei-macchinari-tessili-in-lombardia.html#breadcrumb"},"inLanguage":"it-IT","potentialAction":[{"@type":"ReadAction","target":["https:\/\/www.tuttohaccp.eu\/sicurezza\/news\/durata-e-validita-dellattestato-di-formazione-per-luso-dei-macchinari-tessili-in-lombardia.html"]}]},{"@type":"BreadcrumbList","@id":"https:\/\/www.tuttohaccp.eu\/sicurezza\/news\/durata-e-validita-dellattestato-di-formazione-per-luso-dei-macchinari-tessili-in-lombardia.html#breadcrumb","itemListElement":[{"@type":"ListItem","position":1,"name":"Home","item":"https:\/\/www.tuttohaccp.eu\/sicurezza"},{"@type":"ListItem","position":2,"name":"Durata e validit\u00e0 dell&#8217;attestato di formazione per l&#8217;uso dei macchinari tessili in Lombardia."}]},{"@type":"WebSite","@id":"https:\/\/www.tuttohaccp.eu\/sicurezza\/#website","url":"https:\/\/www.tuttohaccp.eu\/sicurezza\/","name":"Tuttohaccp.eu","description":"","potentialAction":[{"@type":"SearchAction","target":{"@type":"EntryPoint","urlTemplate":"https:\/\/www.tuttohaccp.eu\/sicurezza\/?s={search_term_string}"},"query-input":{"@type":"PropertyValueSpecification","valueRequired":true,"valueName":"search_term_string"}}],"inLanguage":"it-IT"},{"@type":"Person","@id":"https:\/\/www.tuttohaccp.eu\/sicurezza\/#\/schema\/person\/fd40e20e6e84dcb68a394327d522e833","name":"redazione","image":{"@type":"ImageObject","inLanguage":"it-IT","@id":"https:\/\/www.tuttohaccp.eu\/sicurezza\/#\/schema\/person\/image\/","url":"https:\/\/secure.gravatar.com\/avatar\/c07fe7354435a88929a7ce6143807a5d0ab4eec5afeb64ee13bccbf1412a51f8?s=96&d=mm&r=g","contentUrl":"https:\/\/secure.gravatar.com\/avatar\/c07fe7354435a88929a7ce6143807a5d0ab4eec5afeb64ee13bccbf1412a51f8?s=96&d=mm&r=g","caption":"redazione"},"url":"https:\/\/www.tuttohaccp.eu\/sicurezza\/author\/redazione"}]}},"_links":{"self":[{"href":"https:\/\/www.tuttohaccp.eu\/sicurezza\/wp-json\/wp\/v2\/posts\/152668","targetHints":{"allow":["GET"]}}],"collection":[{"href":"https:\/\/www.tuttohaccp.eu\/sicurezza\/wp-json\/wp\/v2\/posts"}],"about":[{"href":"https:\/\/www.tuttohaccp.eu\/sicurezza\/wp-json\/wp\/v2\/types\/post"}],"author":[{"embeddable":true,"href":"https:\/\/www.tuttohaccp.eu\/sicurezza\/wp-json\/wp\/v2\/users\/2"}],"replies":[{"embeddable":true,"href":"https:\/\/www.tuttohaccp.eu\/sicurezza\/wp-json\/wp\/v2\/comments?post=152668"}],"version-history":[{"count":0,"href":"https:\/\/www.tuttohaccp.eu\/sicurezza\/wp-json\/wp\/v2\/posts\/152668\/revisions"}],"wp:attachment":[{"href":"https:\/\/www.tuttohaccp.eu\/sicurezza\/wp-json\/wp\/v2\/media?parent=152668"}],"wp:term":[{"taxonomy":"category","embeddable":true,"href":"https:\/\/www.tuttohaccp.eu\/sicurezza\/wp-json\/wp\/v2\/categories?post=152668"},{"taxonomy":"post_tag","embeddable":true,"href":"https:\/\/www.tuttohaccp.eu\/sicurezza\/wp-json\/wp\/v2\/tags?post=152668"}],"curies":[{"name":"wp","href":"https:\/\/api.w.org\/{rel}","templated":true}]}}